{"id":1139,"date":"2022-11-07T17:19:23","date_gmt":"2022-11-07T16:19:23","guid":{"rendered":"https:\/\/issrscotonola.it\/w\/?p=1139"},"modified":"2022-11-07T17:32:15","modified_gmt":"2022-11-07T16:32:15","slug":"memoria-del-beato-giovanni-duns-scoto","status":"publish","type":"post","link":"https:\/\/issrscotonola.it\/w\/memoria-del-beato-giovanni-duns-scoto\/","title":{"rendered":"Memoria del Beato Giovanni Duns Scoto"},"content":{"rendered":"<div class=\"m8h3af8h l7ghb35v kjdc1dyq kmwttqpk gh25dzvf n3t5jt4f\"><strong>Memoria del Beato Giovanni Duns Scoto<\/strong><\/div>\n<div class=\"m8h3af8h l7ghb35v kjdc1dyq kmwttqpk gh25dzvf n3t5jt4f\">Marted\u00ec 8 novembre, alle ore 19, nella Basilica-Cattedrale di Nola Celebrazione Eucaristica nella memoria liturgica del Beato Giovanni Duns Scoto. Sono tutti invitati ma particolarmente docenti e studenti dell&#8217;Istituto, le comunit\u00e0 francescane e quanti sono legati alla devozione del &#8220;doctor subtilis&#8221;.<\/div>\n<div>Il nostro Istituto, che vorrebbe essere spazio competente e appassionato per l\u2019intelligenza della fede, scorge in Duns Scoto un pensatore ed un credente cui affidare la sua fatica e la sua missione. Siamo nella scia di un\u2019antica tradizione nolana, che muove i primi passi gi\u00e0 nel 1523, data di un pala d\u2019altare in una chiesa di Lauro raffigurante Scoto con l\u2019aureola e il titolo di beato.<br \/>\nI due processi canonici diocesani, del 1709-1711 e del 1905-1906, testimoniano dell\u2019ininterrotta, attenta venerazione della diocesi di Nola. La scelta di intitolare a lui il nostro Istituto \u00e8 allora conferma e augurio ad un pensiero credente e a una fede pensata che sola pu\u00f2 generare la carit\u00e0 nella verit\u00e0.<\/div>\n\n    <div class=\"xs_social_share_widget xs_share_url after_content \t\tmain_content  wslu-style-1 wslu-share-box-shaped wslu-fill-colored wslu-none wslu-share-horizontal wslu-theme-font-no wslu-main_content\">\n\n\t\t\n        <ul>\n\t\t\t        <\/ul>\n    <\/div> \n","protected":false},"excerpt":{"rendered":"<p>Memoria del Beato Giovanni Duns Scoto Marted\u00ec 8 novembre, alle ore 19, nella Basilica-Cattedrale di Nola Celebrazione Eucaristica nella memoria liturgica del Beato Giovanni Duns [&hellip;]<\/p>\n","protected":false},"author":2,"featured_media":1146,"comment_status":"closed","ping_status":"open","sticky":false,"template":"","format":"standard","meta":{"footnotes":""},"categories":[8,1],"tags":[],"class_list":["post-1139","post","type-post","status-publish","format-standard","has-post-thumbnail","hentry","category-in_primo_piano","category-senza-categoria"],"_links":{"self":[{"href":"https:\/\/issrscotonola.it\/w\/wp-json\/wp\/v2\/posts\/1139","targetHints":{"allow":["GET"]}}],"collection":[{"href":"https:\/\/issrscotonola.it\/w\/wp-json\/wp\/v2\/posts"}],"about":[{"href":"https:\/\/issrscotonola.it\/w\/wp-json\/wp\/v2\/types\/post"}],"author":[{"embeddable":true,"href":"https:\/\/issrscotonola.it\/w\/wp-json\/wp\/v2\/users\/2"}],"replies":[{"embeddable":true,"href":"https:\/\/issrscotonola.it\/w\/wp-json\/wp\/v2\/comments?post=1139"}],"version-history":[{"count":4,"href":"https:\/\/issrscotonola.it\/w\/wp-json\/wp\/v2\/posts\/1139\/revisions"}],"predecessor-version":[{"id":1147,"href":"https:\/\/issrscotonola.it\/w\/wp-json\/wp\/v2\/posts\/1139\/revisions\/1147"}],"wp:featuredmedia":[{"embeddable":true,"href":"https:\/\/issrscotonola.it\/w\/wp-json\/wp\/v2\/media\/1146"}],"wp:attachment":[{"href":"https:\/\/issrscotonola.it\/w\/wp-json\/wp\/v2\/media?parent=1139"}],"wp:term":[{"taxonomy":"category","embeddable":true,"href":"https:\/\/issrscotonola.it\/w\/wp-json\/wp\/v2\/categories?post=1139"},{"taxonomy":"post_tag","embeddable":true,"href":"https:\/\/issrscotonola.it\/w\/wp-json\/wp\/v2\/tags?post=1139"}],"curies":[{"name":"wp","href":"https:\/\/api.w.org\/{rel}","templated":true}]}}