{"id":1034,"date":"2022-03-24T09:57:15","date_gmt":"2022-03-24T08:57:15","guid":{"rendered":"https:\/\/issrscotonola.it\/w\/?p=1034"},"modified":"2022-08-31T13:26:38","modified_gmt":"2022-08-31T11:26:38","slug":"alfonso-lanzieri-il-corpo-nellanima-henri-bergson-e-la-filosofia-della-mente","status":"publish","type":"post","link":"https:\/\/issrscotonola.it\/w\/alfonso-lanzieri-il-corpo-nellanima-henri-bergson-e-la-filosofia-della-mente\/","title":{"rendered":"Alfonso Lanzieri, Il corpo nell&#8217;anima. Henri Bergson e la filosofia della mente"},"content":{"rendered":"<p><strong>ALFONSO LAZIERI<\/strong><\/p>\n<p><strong>IL CORPO NELL\u2019ANIMA<\/strong><\/p>\n<p>Henri Bergson e la filosofa della mente<\/p>\n<p>&nbsp;<\/p>\n<p>Prefazione di Marco Ivaldo<\/p>\n<p>Postfazione di Riccardo Manzotti<\/p>\n<p>&nbsp;<\/p>\n<p>Mimesis\/<em>Canone minore<\/em> 2022<\/p>\n<p>&nbsp;<\/p>\n<p>Esiste un &#8220;luogo&#8221; della coscienza? Se non possiamo dubitare della correlazione tra la nostra esperienza del mondo in prima persona e una certa porzione di realt\u00e0 fisica, sorge per\u00f2 il problema di stabilire la natura di tale relazione e l&#8217;estensione della realt\u00e0 fisica cui la coscienza\u00a0 pu\u00f2 essere associata: questa sta &#8220;dentro la testa&#8221;, coincidendo col cervello, oppure supera i confini del nostro corpo materiale? Si tratta del problema classico del rapporto tra anima e corpo, rilanciato oggi, in chiave diversa, dalla filosofia\u00a0 della mente\u00a0 e dalle\u00a0 neuroscienze contemporanee, nel dibattito tra &#8220;internalisti&#8221; ed &#8220;esternalisti&#8221;. Questo saggio cerca di affrontare\u00a0 tale decisiva questione &#8211; in cui ne va del posto dell&#8217;uomo nella natura &#8211; incrociando\u00a0 le tendenze della ricerca pi\u00f9 aggiornata con la riflessione del filosofo francese Henri Bergson (1859-1941), il quale ha anticipato molti punti essenziali della discussione odierna, offrendo una chiave di lettura feconda e attualissima, non ancora pienamente valorizzata.<\/p>\n<p>\u201c<strong>Per Bergson l\u2019assoluto (poich\u00e8 non relato) da cui ha origine l\u2019esperienza abituale del mondo, che implica invece una relazione soggetto-oggetto, \u00e8 quello di una esperienza pura, che non sa nulla di soggetti e oggetti, di pensiero e materia (assunti quali corrispettivi dell\u2019inesteso e dell\u2019esteso). In quest\u2019ottica, le due pi\u00f9 salde certezze del senso comune, vale a dire l\u2019esistenza dell\u2019Io e la realt\u00e0 in s\u00e9 [\u2026] non sono pietre angolari su cui edificare l\u2019impalcatura dell\u2019esperienza, ma derivazioni del piano impersonale e preindividuale del reale<\/strong>\u201d<\/p>\n<p><strong>Alfonso Lanzieri<\/strong> ha conseguito il dottorato di ricerca in Filosofia presso l\u2019Universit\u00e0 di Napoli \u201cFederico II\u201d. Attualmente insegna Introduzione alla filosofia e Logica presso la Facolt\u00e0 Teologica di Napoli (sezione San Luigi) e Filosofia teoretica e Antropologia filosofica presso l\u2019Istituto Superiore Interdiocesano di Scienze Religiose \u201cGiovanni Duns Scoto\u201d Nola-Acerra. Per Mimesis ha pubblicato <em>Pensiero e realt\u00e0. Un\u2019introduzione al \u201crealismo critico\u201d di Bernard Lonergan<\/em> (2017).<\/p>\n\n    <div class=\"xs_social_share_widget xs_share_url after_content \t\tmain_content  wslu-style-1 wslu-share-box-shaped wslu-fill-colored wslu-none wslu-share-horizontal wslu-theme-font-no wslu-main_content\">\n\n\t\t\n        <ul>\n\t\t\t        <\/ul>\n    <\/div> \n","protected":false},"excerpt":{"rendered":"<p>ALFONSO LAZIERI IL CORPO NELL\u2019ANIMA Henri Bergson e la filosofa della mente &nbsp; Prefazione di Marco Ivaldo Postfazione di Riccardo Manzotti &nbsp; Mimesis\/Canone minore 2022 [&hellip;]<\/p>\n","protected":false},"author":2,"featured_media":1040,"comment_status":"closed","ping_status":"open","sticky":false,"template":"","format":"standard","meta":{"footnotes":""},"categories":[1],"tags":[],"class_list":["post-1034","post","type-post","status-publish","format-standard","has-post-thumbnail","hentry","category-senza-categoria"],"_links":{"self":[{"href":"https:\/\/issrscotonola.it\/w\/wp-json\/wp\/v2\/posts\/1034","targetHints":{"allow":["GET"]}}],"collection":[{"href":"https:\/\/issrscotonola.it\/w\/wp-json\/wp\/v2\/posts"}],"about":[{"href":"https:\/\/issrscotonola.it\/w\/wp-json\/wp\/v2\/types\/post"}],"author":[{"embeddable":true,"href":"https:\/\/issrscotonola.it\/w\/wp-json\/wp\/v2\/users\/2"}],"replies":[{"embeddable":true,"href":"https:\/\/issrscotonola.it\/w\/wp-json\/wp\/v2\/comments?post=1034"}],"version-history":[{"count":1,"href":"https:\/\/issrscotonola.it\/w\/wp-json\/wp\/v2\/posts\/1034\/revisions"}],"predecessor-version":[{"id":1036,"href":"https:\/\/issrscotonola.it\/w\/wp-json\/wp\/v2\/posts\/1034\/revisions\/1036"}],"wp:featuredmedia":[{"embeddable":true,"href":"https:\/\/issrscotonola.it\/w\/wp-json\/wp\/v2\/media\/1040"}],"wp:attachment":[{"href":"https:\/\/issrscotonola.it\/w\/wp-json\/wp\/v2\/media?parent=1034"}],"wp:term":[{"taxonomy":"category","embeddable":true,"href":"https:\/\/issrscotonola.it\/w\/wp-json\/wp\/v2\/categories?post=1034"},{"taxonomy":"post_tag","embeddable":true,"href":"https:\/\/issrscotonola.it\/w\/wp-json\/wp\/v2\/tags?post=1034"}],"curies":[{"name":"wp","href":"https:\/\/api.w.org\/{rel}","templated":true}]}}